{"id":2193,"date":"2015-06-09T13:17:24","date_gmt":"2015-06-09T11:17:24","guid":{"rendered":"http:\/\/www.essig.at\/?p=2193"},"modified":"2016-09-05T16:44:28","modified_gmt":"2016-09-05T14:44:28","slug":"grillen-mit-essig-und-senf","status":"publish","type":"post","link":"https:\/\/www.essig.at\/zh-hans\/2015\/06\/grillen-mit-essig-und-senf\/","title":{"rendered":"Grillen mit Essig und Senf"},"content":{"rendered":"<p>Grillen mit Essig und Senf ist ein neuer Folder aus dem Hause Fischerauer. In Zusammenarbeit mit Grillmeister Joachim Krainer und Fotograf Alexander Stiegler (www.lexpix.at) haben wir diesen kleinen Folder erstellt.<br \/>\nDer Folder ist bei ausgew\u00e4hlten Gesch\u00e4ften und bei uns ab Hof kostenlos erh\u00e4ltlich. Und wer lieber online liest, der hat hier die Chance dazu.<\/p>\n<div hcb-fetch-image-from=\"http:\/\/issuu.com\/fischerauer-www.essig.at\/docs\/grillfolder?e=17948790\/13405359\" data-configid=\"17948790\/13405359\" style=\"width: 1200px; height: 833px;\" class=\"issuuembed\"><\/div>\n<p><script type=\"text\/javascript\" src=\"\/\/e.issuu.com\/embed.js\" async=\"true\"><\/script><\/p>\n","protected":false},"excerpt":{"rendered":"<p>Grillen mit Essig und Senf ist ein neuer Folder aus dem &#8230; <a title=\"Grillen mit Essig und Senf\" class=\"read-more\" href=\"https:\/\/www.essig.at\/zh-hans\/2015\/06\/grillen-mit-essig-und-senf\/\" aria-label=\"\u9605\u8bfb Grillen mit Essig und Senf\">mehr erfahren<\/a><\/p>\n","protected":false},"author":4,"featured_media":0,"comment_status":"closed","ping_status":"closed","sticky":false,"template":"","format":"standard","meta":{"footnotes":""},"categories":[1],"tags":[66,68,39,69,64,67,65],"class_list":["post-2193","post","type-post","status-publish","format-standard","hentry","category-allgemein","tag-bbq","tag-caramellos","tag-essig","tag-fischerauer","tag-grillen","tag-sauce","tag-senf"],"_links":{"self":[{"href":"https:\/\/www.essig.at\/zh-hans\/wp-json\/wp\/v2\/posts\/2193","targetHints":{"allow":["GET"]}}],"collection":[{"href":"https:\/\/www.essig.at\/zh-hans\/wp-json\/wp\/v2\/posts"}],"about":[{"href":"https:\/\/www.essig.at\/zh-hans\/wp-json\/wp\/v2\/types\/post"}],"author":[{"embeddable":true,"href":"https:\/\/www.essig.at\/zh-hans\/wp-json\/wp\/v2\/users\/4"}],"replies":[{"embeddable":true,"href":"https:\/\/www.essig.at\/zh-hans\/wp-json\/wp\/v2\/comments?post=2193"}],"version-history":[{"count":0,"href":"https:\/\/www.essig.at\/zh-hans\/wp-json\/wp\/v2\/posts\/2193\/revisions"}],"wp:attachment":[{"href":"https:\/\/www.essig.at\/zh-hans\/wp-json\/wp\/v2\/media?parent=2193"}],"wp:term":[{"taxonomy":"category","embeddable":true,"href":"https:\/\/www.essig.at\/zh-hans\/wp-json\/wp\/v2\/categories?post=2193"},{"taxonomy":"post_tag","embeddable":true,"href":"https:\/\/www.essig.at\/zh-hans\/wp-json\/wp\/v2\/tags?post=2193"}],"curies":[{"name":"wp","href":"https:\/\/api.w.org\/{rel}","templated":true}]}}